{"id":184,"date":"2026-03-03T22:59:55","date_gmt":"2026-03-03T21:59:55","guid":{"rendered":"https:\/\/schutzwald-pleinfeld.de\/?p=184"},"modified":"2026-03-03T23:39:40","modified_gmt":"2026-03-03T22:39:40","slug":"was-passiert-wenn-der-wald-geht","status":"publish","type":"post","link":"https:\/\/schutzwald-pleinfeld.de\/?p=184","title":{"rendered":"Was passiert, wenn der Wald geht?"},"content":{"rendered":"\n<figure class=\"wp-block-image size-large\"><img loading=\"lazy\" decoding=\"async\" width=\"768\" height=\"1024\" src=\"https:\/\/schutzwald-pleinfeld.de\/wp-content\/uploads\/2026\/03\/vortrag2-768x1024.png\" alt=\"\" class=\"wp-image-185\" srcset=\"https:\/\/schutzwald-pleinfeld.de\/wp-content\/uploads\/2026\/03\/vortrag2-768x1024.png 768w, https:\/\/schutzwald-pleinfeld.de\/wp-content\/uploads\/2026\/03\/vortrag2-225x300.png 225w, https:\/\/schutzwald-pleinfeld.de\/wp-content\/uploads\/2026\/03\/vortrag2.png 960w\" sizes=\"auto, (max-width: 768px) 100vw, 768px\" \/><\/figure>\n\n\n\n<p>\u00d6ffentliche Informationsveranstaltung der <strong>B\u00fcrgerinitiative \u201eRettet den Wald &#8211; Schutzwald-Pleinfeld\u201c<\/strong> im Pfarrheim, am 28.2.2026, 19:30h.<\/p>\n\n\n\n<p>Beim Vortrag <strong>\u201eWas passiert, wenn der Wald geht?\u201c<\/strong> von Prof. Dr. Hussend\u00f6rfer, 1. Vorsitzender des B\u00fcrgervereins Seenland-in-B\u00fcrgerhand im voll besetzen Pleinfelder Pfarrheim wurde deutlich:<\/p>\n\n\n\n<p><em>Der Wald in&nbsp; bzw um Pleinfeld herum und der Seenregion ist eine lebenswichtige Infrastruktur. 80 % der W\u00e4lder sind bereits geschw\u00e4cht. Eine massive Rodung f\u00fcr ein Industriegebiet zwischen St. Veit und Pleinfeld gef\u00e4hrdet das Grundwasser, da ein Hektar Wald entscheidend zur Neubildung beitr\u00e4gt und Hitzeinseln verhindert.<\/em><\/p>\n\n\n\n<p>Der Professor warnte vor dem \u201eOasen-Effekt\u201c: Rodung zerst\u00f6rt das Mikroklima, warme Luft str\u00f6mt ungehindert ein, und der Wald kollabiert. Kurzfristiges wirtschaftliches Wachstum d\u00fcrfe nicht \u00fcber ein \u00d6kosystem gestellt werden, das 100 Jahre zur Entwicklung braucht.<\/p>\n\n\n\n<p>Auch der Bund Naturschutz mit seinem Kreisvorsitzenden Stefan Ballak zeigte sich besorgt, da unklar sei, was zwischen St. Veit und Pleinfeld geplant ist.<\/p>\n\n\n\n<p><strong>B\u00fcrger vor Ort engagieren sich f\u00fcr ihre W\u00e4lder<\/strong><\/p>\n\n\n\n<p>Die&nbsp; anschlie\u00dfende Diskussion zeigte klar: Die B\u00fcrger wollen im Umfeld auch keine weitere Erw\u00e4rmung in der Marktgemeinde Pleinfeld und des Brombachsees, keine Algenbildung und keinen Verlust von Erholungs-, L\u00e4rmschutz- und Klimafunktionen ihrer W\u00e4lder. Ebenso wurde u.a. auch von besorgten B\u00fcrgern das Thema Windr\u00e4der im Wald angesprochen.<\/p>\n\n\n\n<p>Mit seinem gut strukturiertem Vortrag, detailitertem Kartenmaterial und Folien bewies Professor Dr. Hussend\u00f6rfer, wie sich die Lage in Pleinfeld und der n\u00e4heren Umgebung, z.B. Wei\u00dfenburg \u00fcber Jahrzehnte bereits versch\u00e4rft und verschlechtert hat. Statt neuer Versiegelung und Zerst\u00f6rung existierender funktionierder Wald-\u00d6kosysteme sei heute \u201eSparen beim Fl\u00e4chenverbrauch\u201c notwendig. <strong>\u201eDer Wald sei keine Verhandlungsmasse \u2013 und ein Industriegebiet auf seine Kosten in Zeiten der Klimaerw\u00e4rmung nicht mehr zeitgem\u00e4\u00df\u201c.<\/strong> Das m\u00fcsste eigentlich ins Stammbuch der Kommunen und B\u00fcrgermeister vor Ort, meinte ein besorgter Pleinfelder B\u00fcrger. Gerade die Verantwortung gegen\u00fcber kommenden Generationen wurde betont.<\/p>\n\n\n\n<p>Es stellt sich die Frage und zwangsl\u00e4ufig auch die Antwort ein, ob ein zus\u00e4tzlicher Fl\u00e4chenverbrauch in der Seenregion \u2013 besonders in Pleinfeld \u2013 \u00fcberhaupt notwendig ist und welche Alleinstellungmerkmale Pleinfeld mit dem Brombachsee und seiner reizvollen fr\u00e4nkischen Landschaft hat &#8211; sprich: ob man \u00fcberhaupt Gewerbegebiete an allen vier Himmelsrichtungen brauche?<\/p>\n\n\n\n<figure class=\"wp-block-image size-large\"><img loading=\"lazy\" decoding=\"async\" width=\"768\" height=\"1024\" src=\"https:\/\/schutzwald-pleinfeld.de\/wp-content\/uploads\/2026\/03\/vortrag1-768x1024.png\" alt=\"\" class=\"wp-image-204\" srcset=\"https:\/\/schutzwald-pleinfeld.de\/wp-content\/uploads\/2026\/03\/vortrag1-768x1024.png 768w, https:\/\/schutzwald-pleinfeld.de\/wp-content\/uploads\/2026\/03\/vortrag1-225x300.png 225w, https:\/\/schutzwald-pleinfeld.de\/wp-content\/uploads\/2026\/03\/vortrag1.png 960w\" sizes=\"auto, (max-width: 768px) 100vw, 768px\" \/><\/figure>\n","protected":false},"excerpt":{"rendered":"<p>\u00d6ffentliche Informationsveranstaltung der B\u00fcrgerinitiative \u201eRettet den Wald &#8211; Schutzwald-Pleinfeld\u201c im Pfarrheim, am 28.2.2026, 19:30h. Beim Vortrag \u201eWas passiert, wenn der [&hellip;]<\/p>\n","protected":false},"author":1,"featured_media":185,"comment_status":"closed","ping_status":"open","sticky":false,"template":"","format":"standard","meta":{"site-sidebar-layout":"default","site-content-layout":"","ast-site-content-layout":"narrow-width-container","site-content-style":"default","site-sidebar-style":"default","ast-global-header-display":"","ast-banner-title-visibility":"","ast-main-header-display":"","ast-hfb-above-header-display":"","ast-hfb-below-header-display":"","ast-hfb-mobile-header-display":"","site-post-title":"","ast-breadcrumbs-content":"","ast-featured-img":"","footer-sml-layout":"","ast-disable-related-posts":"","theme-transparent-header-meta":"","adv-header-id-meta":"","stick-header-meta":"","header-above-stick-meta":"","header-main-stick-meta":"","header-below-stick-meta":"","astra-migrate-meta-layouts":"default","ast-page-background-enabled":"default","ast-page-background-meta":{"desktop":{"background-color":"var(--ast-global-color-5)","background-image":"","background-repeat":"repeat","background-position":"center center","background-size":"auto","background-attachment":"scroll","background-type":"","background-media":"","overlay-type":"","overlay-color":"","overlay-opacity":"","overlay-gradient":""},"tablet":{"background-color":"","background-image":"","background-repeat":"repeat","background-position":"center center","background-size":"auto","background-attachment":"scroll","background-type":"","background-media":"","overlay-type":"","overlay-color":"","overlay-opacity":"","overlay-gradient":""},"mobile":{"background-color":"","background-image":"","background-repeat":"repeat","background-position":"center center","background-size":"auto","background-attachment":"scroll","background-type":"","background-media":"","overlay-type":"","overlay-color":"","overlay-opacity":"","overlay-gradient":""}},"ast-content-background-meta":{"desktop":{"background-color":"var(--ast-global-color-4)","background-image":"","background-repeat":"repeat","background-position":"center center","background-size":"auto","background-attachment":"scroll","background-type":"","background-media":"","overlay-type":"","overlay-color":"","overlay-opacity":"","overlay-gradient":""},"tablet":{"background-color":"var(--ast-global-color-4)","background-image":"","background-repeat":"repeat","background-position":"center center","background-size":"auto","background-attachment":"scroll","background-type":"","background-media":"","overlay-type":"","overlay-color":"","overlay-opacity":"","overlay-gradient":""},"mobile":{"background-color":"var(--ast-global-color-4)","background-image":"","background-repeat":"repeat","background-position":"center center","background-size":"auto","background-attachment":"scroll","background-type":"","background-media":"","overlay-type":"","overlay-color":"","overlay-opacity":"","overlay-gradient":""}},"footnotes":""},"categories":[1],"tags":[],"class_list":["post-184","post","type-post","status-publish","format-standard","has-post-thumbnail","hentry","category-news"],"_links":{"self":[{"href":"https:\/\/schutzwald-pleinfeld.de\/index.php?rest_route=\/wp\/v2\/posts\/184","targetHints":{"allow":["GET"]}}],"collection":[{"href":"https:\/\/schutzwald-pleinfeld.de\/index.php?rest_route=\/wp\/v2\/posts"}],"about":[{"href":"https:\/\/schutzwald-pleinfeld.de\/index.php?rest_route=\/wp\/v2\/types\/post"}],"author":[{"embeddable":true,"href":"https:\/\/schutzwald-pleinfeld.de\/index.php?rest_route=\/wp\/v2\/users\/1"}],"replies":[{"embeddable":true,"href":"https:\/\/schutzwald-pleinfeld.de\/index.php?rest_route=%2Fwp%2Fv2%2Fcomments&post=184"}],"version-history":[{"count":4,"href":"https:\/\/schutzwald-pleinfeld.de\/index.php?rest_route=\/wp\/v2\/posts\/184\/revisions"}],"predecessor-version":[{"id":205,"href":"https:\/\/schutzwald-pleinfeld.de\/index.php?rest_route=\/wp\/v2\/posts\/184\/revisions\/205"}],"wp:featuredmedia":[{"embeddable":true,"href":"https:\/\/schutzwald-pleinfeld.de\/index.php?rest_route=\/wp\/v2\/media\/185"}],"wp:attachment":[{"href":"https:\/\/schutzwald-pleinfeld.de\/index.php?rest_route=%2Fwp%2Fv2%2Fmedia&parent=184"}],"wp:term":[{"taxonomy":"category","embeddable":true,"href":"https:\/\/schutzwald-pleinfeld.de\/index.php?rest_route=%2Fwp%2Fv2%2Fcategories&post=184"},{"taxonomy":"post_tag","embeddable":true,"href":"https:\/\/schutzwald-pleinfeld.de\/index.php?rest_route=%2Fwp%2Fv2%2Ftags&post=184"}],"curies":[{"name":"wp","href":"https:\/\/api.w.org\/{rel}","templated":true}]}}