{"id":207,"date":"2026-02-19T17:14:48","date_gmt":"2026-02-19T16:14:48","guid":{"rendered":"https:\/\/schutzwald-pleinfeld.de\/?p=207"},"modified":"2026-03-06T17:15:00","modified_gmt":"2026-03-06T16:15:00","slug":"entsetzt","status":"publish","type":"post","link":"https:\/\/schutzwald-pleinfeld.de\/?p=207","title":{"rendered":"Entsetzt"},"content":{"rendered":"\n<p><strong>Leserbrief zum Artikel \u201eDie unkonkrete Phase&#8220;<\/strong><\/p>\n\n\n\n<p><strong>im Wei\u00dfenburger Tagblatt vom 19. Februar 2026.<\/strong><\/p>\n\n\n\n<p>Ja, ich bin entsetzt. Pleinfeld ist meine Heimat, ich lebe und wohne hier gerne, Pleinfeld ist eine lebenswerte Marktgemeinde.<\/p>\n\n\n\n<p>Und nun der Bericht im <em>Wei\u00dfenburger Tagblatt<\/em> zu einem geplanten Gewerbegebiet zwischen Pleinfeld und St. Veit. <strong>Bis zu 20 Hektar Wald, circa 28 Fu\u00dfballfelder gro\u00df, sollen dazu wohl gerodet werden.<\/strong> Ein Wald f\u00fcr alle Pleinfelder mit hohem Erholungswert, <strong>ein unverzichtbarer Naherholungsraum f\u00fcr Einheimische und Urlaubsg\u00e4ste<\/strong>. Dieser Wald soll als \u201eReservefl\u00e4che&#8220; f\u00fcr gewerbliche Ansiedlungen, die nicht mal ansatzweise konkretisiert sind, geopfert werden.<\/p>\n\n\n\n<p>Dass dieses (geplante) Vorhaben ausgerechnet in einem staatlich anerkannten Erholungsort vorangetrieben werden soll, der als n\u00f6rdliches Tor zum Naturpark Altm\u00fchltal gilt und das Fr\u00e4nkische Seenland vor der T\u00fcr hat, ist mehr als kritisch zu sehen. Wie glaubw\u00fcrdig ist ein Tourismuskonzept, wenn gleichzeitig ein derart <strong>sensibler Waldbereich in direkter Nachbarschaft zum Naturfreundehaus Pleinfeld<\/strong> und nur rund einen Kilometer vom Waldcamping Brombachsee beziehungsweise 1,5 Kilometer vom Brombachsee entfernt massiv zerst\u00f6rt werden soll?<\/p>\n\n\n\n<p><strong>Die gesamte Natur-Infrastruktur von Pleinfeld wird dadurch radikal ver\u00e4ndert, der Bereich zwischen Pleinfeld und St. Veit wird nicht mehr wiederzuerkennen sein<\/strong>. W\u00e4hrend die Verantwortlichen das Projekt im Hinblick auf die bevorstehende Wahl kleinreden, entsteht der Eindruck, dass hinter den Kulissen \u00fcber den Verkauf des Waldgrundst\u00fccks l\u00e4ngst weiterverhandelt wird. <strong>Information beziehungsweise Kommunikation in Richtung B\u00fcrger, absolut Fehlanzeige!<\/strong> Dieses Vorgehen sch\u00fcrt Politikverdrossenheit und untergr\u00e4bt das Vertrauen der B\u00fcrger in transparente Entscheidungsprozesse.<\/p>\n\n\n\n<p><strong>Planungen f\u00fcr ein Gewerbegebiet zwischen St. Veit und Pleinfeld sind sowohl vom B\u00fcrgermeister als auch vom Gemeinderat zu beenden.<\/strong> Vor allem m\u00fcssen m\u00f6gliche Grundst\u00fccksdeals, die die finanziellen M\u00f6glichkeiten der Kommune weiter strapazieren, gestoppt werden. <strong>Die 1,5 Millionen Euro R\u00fcckstellungen im Gemeindehaushalt sind ja wohl f\u00fcr den Grundst\u00fccksankauf gedacht, weitere immense Kosten f\u00fcr Planung, Erschlie\u00dfung etc. kommen hinzu.<\/strong><\/p>\n\n\n\n<p>Die Gemeinde hat schon genug negative Erfahrungen mit dem \u201eWohnpark-Projekt&#8220; um die Ohren bekommen, das sollte schon mal reichen. <strong>Ernsthafte Alternativen in weniger sensiblen Bereichen mit besserer Verkehrsanbindung sind alternativ zu pr\u00fcfen<\/strong>.<\/p>\n\n\n\n<p>Wald, der einmal gerodet ist, kommt nicht zur\u00fcck \u2013 doch genau dieser Wald macht die Lebensqualit\u00e4t in hohem Ma\u00dfe in unserer Region aus und ist ein Pfund, mit dem Pleinfeld nicht zuletzt auch im Tourismus werben kann. <strong>Wer ihn opfert, verspielt nicht nur wichtigen Lebensraum f\u00fcr Tier und Mensch, sondern auch Glaubw\u00fcrdigkeit gegen\u00fcber den B\u00fcrgerinnen und B\u00fcrgern!<\/strong><\/p>\n\n\n\n<p><strong>Wally Schmitt<\/strong>, Pleinfeld<\/p>\n","protected":false},"excerpt":{"rendered":"<p>Leserbrief zum Artikel \u201eDie unkonkrete Phase&#8220; im Wei\u00dfenburger Tagblatt vom 19. Februar 2026. Ja, ich bin entsetzt. Pleinfeld ist meine [&hellip;]<\/p>\n","protected":false},"author":1,"featured_media":209,"comment_status":"closed","ping_status":"open","sticky":false,"template":"","format":"standard","meta":{"site-sidebar-layout":"default","site-content-layout":"","ast-site-content-layout":"default","site-content-style":"default","site-sidebar-style":"default","ast-global-header-display":"","ast-banner-title-visibility":"","ast-main-header-display":"","ast-hfb-above-header-display":"","ast-hfb-below-header-display":"","ast-hfb-mobile-header-display":"","site-post-title":"","ast-breadcrumbs-content":"","ast-featured-img":"","footer-sml-layout":"","ast-disable-related-posts":"","theme-transparent-header-meta":"","adv-header-id-meta":"","stick-header-meta":"","header-above-stick-meta":"","header-main-stick-meta":"","header-below-stick-meta":"","astra-migrate-meta-layouts":"default","ast-page-background-enabled":"default","ast-page-background-meta":{"desktop":{"background-color":"var(--ast-global-color-5)","background-image":"","background-repeat":"repeat","background-position":"center center","background-size":"auto","background-attachment":"scroll","background-type":"","background-media":"","overlay-type":"","overlay-color":"","overlay-opacity":"","overlay-gradient":""},"tablet":{"background-color":"","background-image":"","background-repeat":"repeat","background-position":"center center","background-size":"auto","background-attachment":"scroll","background-type":"","background-media":"","overlay-type":"","overlay-color":"","overlay-opacity":"","overlay-gradient":""},"mobile":{"background-color":"","background-image":"","background-repeat":"repeat","background-position":"center center","background-size":"auto","background-attachment":"scroll","background-type":"","background-media":"","overlay-type":"","overlay-color":"","overlay-opacity":"","overlay-gradient":""}},"ast-content-background-meta":{"desktop":{"background-color":"var(--ast-global-color-4)","background-image":"","background-repeat":"repeat","background-position":"center center","background-size":"auto","background-attachment":"scroll","background-type":"","background-media":"","overlay-type":"","overlay-color":"","overlay-opacity":"","overlay-gradient":""},"tablet":{"background-color":"var(--ast-global-color-4)","background-image":"","background-repeat":"repeat","background-position":"center center","background-size":"auto","background-attachment":"scroll","background-type":"","background-media":"","overlay-type":"","overlay-color":"","overlay-opacity":"","overlay-gradient":""},"mobile":{"background-color":"var(--ast-global-color-4)","background-image":"","background-repeat":"repeat","background-position":"center center","background-size":"auto","background-attachment":"scroll","background-type":"","background-media":"","overlay-type":"","overlay-color":"","overlay-opacity":"","overlay-gradient":""}},"footnotes":""},"categories":[1],"tags":[],"class_list":["post-207","post","type-post","status-publish","format-standard","has-post-thumbnail","hentry","category-news"],"_links":{"self":[{"href":"https:\/\/schutzwald-pleinfeld.de\/index.php?rest_route=\/wp\/v2\/posts\/207","targetHints":{"allow":["GET"]}}],"collection":[{"href":"https:\/\/schutzwald-pleinfeld.de\/index.php?rest_route=\/wp\/v2\/posts"}],"about":[{"href":"https:\/\/schutzwald-pleinfeld.de\/index.php?rest_route=\/wp\/v2\/types\/post"}],"author":[{"embeddable":true,"href":"https:\/\/schutzwald-pleinfeld.de\/index.php?rest_route=\/wp\/v2\/users\/1"}],"replies":[{"embeddable":true,"href":"https:\/\/schutzwald-pleinfeld.de\/index.php?rest_route=%2Fwp%2Fv2%2Fcomments&post=207"}],"version-history":[{"count":1,"href":"https:\/\/schutzwald-pleinfeld.de\/index.php?rest_route=\/wp\/v2\/posts\/207\/revisions"}],"predecessor-version":[{"id":210,"href":"https:\/\/schutzwald-pleinfeld.de\/index.php?rest_route=\/wp\/v2\/posts\/207\/revisions\/210"}],"wp:featuredmedia":[{"embeddable":true,"href":"https:\/\/schutzwald-pleinfeld.de\/index.php?rest_route=\/wp\/v2\/media\/209"}],"wp:attachment":[{"href":"https:\/\/schutzwald-pleinfeld.de\/index.php?rest_route=%2Fwp%2Fv2%2Fmedia&parent=207"}],"wp:term":[{"taxonomy":"category","embeddable":true,"href":"https:\/\/schutzwald-pleinfeld.de\/index.php?rest_route=%2Fwp%2Fv2%2Fcategories&post=207"},{"taxonomy":"post_tag","embeddable":true,"href":"https:\/\/schutzwald-pleinfeld.de\/index.php?rest_route=%2Fwp%2Fv2%2Ftags&post=207"}],"curies":[{"name":"wp","href":"https:\/\/api.w.org\/{rel}","templated":true}]}}